{"id":13143,"date":"2025-11-19T17:45:23","date_gmt":"2025-11-19T17:45:23","guid":{"rendered":"https:\/\/www.graustic.cat\/web\/?p=13143"},"modified":"2025-11-19T17:58:48","modified_gmt":"2025-11-19T17:58:48","slug":"consens-en-el-proposit-de-que-catalunya-lideri-la-sobirania-tecnologica-i-sigui-un-pol-digital-tractor-a-europa","status":"publish","type":"post","link":"https:\/\/www.graustic.cat\/web\/2025\/11\/19\/consens-en-el-proposit-de-que-catalunya-lideri-la-sobirania-tecnologica-i-sigui-un-pol-digital-tractor-a-europa\/","title":{"rendered":"Consens en el prop\u00f2sit de que Catalunya lideri la sobirania tecnol\u00f2gica i sigui un pol digital tractor a Europa"},"content":{"rendered":"\n<blockquote class=\"wp-block-quote is-layout-flow wp-block-quote-is-layout-flow\">\n<p>Sota el lema \u201cSobirania tecnol\u00f2gica. L\u2019hora d\u2019Europa, l\u2019oportunitat de Catalunya\u201d, la Diada ha reunit a m\u00e9s de 200 ponents i un miler de participants en dues jornades de reflexi\u00f3, debat i reconeixement al talent digital del pa\u00eds.<\/p>\n\n\n\n<p>Coorganitzats amb dotze entitats de refer\u00e8ncia, els Premis d\u2019Innovaci\u00f3 Digital de Catalunya 2025 han reconegut les millors iniciatives per impulsar la transformaci\u00f3 digital del pa\u00eds.<\/p>\n<\/blockquote>\n\n\n\n<p>La Diada de les TIC a Catalunya, organitzada per&nbsp;GRAUSTIC, s\u2019ha consolidat com un dels principals punts de trobada del sector tecnol\u00f2gic i digital al nostre pa\u00eds. Enguany, el congr\u00e9s ha posat el focus en la necessitat de refor\u00e7ar l\u2019autonomia digital europea i el paper estrat\u00e8gic de Catalunya en la nova economia digital, abordant \u00e0mbits com la intel\u00b7lig\u00e8ncia artificial, la ciberseguretat, la rob\u00f2tica, la innovaci\u00f3 en salut, la formaci\u00f3 de talent digital i la sobirania del n\u00favol europeu.<\/p>\n\n\n\n<p>Durant dues jornades, m\u00e9s de 200 experts del m\u00f3n acad\u00e8mic, empresarial i institucional han participat en les 35 sessions i taules de debat, organitzades entorn de sis eixos tem\u00e0tics: Tecnologia i Ind\u00fastria, Societat i Benestar, Governan\u00e7a i Regulaci\u00f3, Comunicaci\u00f3 i Cultura, Infraestructura i Ecosistemes, i Coneixement i Innovaci\u00f3. L\u2019esdeveniment s\u2019ha celebrat a l\u2019Edifici Torre Diagonal One del F\u00f2rum de Barcelona.<\/p>\n\n\n\n<p>La jornada inaugural va comptar amb la participaci\u00f3 d\u2019Ignasi Belda, director general de l\u2019Ag\u00e8ncia Espanyola de Supervisi\u00f3 de la Intel\u00b7lig\u00e8ncia Artificial; del secretari de Telecomunicacions i Transformaci\u00f3 Digital de la Generalitat de Catalunya, Albert Tort; d\u2019Emili Rubi\u00f3, gerent de l\u2019Institut Municipal d\u2019Inform\u00e0tica de l\u2019Ajuntament de Barcelona; Angel Garcia Castillejos, vicepresident de la Comisi\u00f3n Nacional de los Mercados y la Competencia (CNMC). Tamb\u00e9 hi va intervenir la delegada territorial del Govern a Barcelona, Pilar D\u00edaz.<\/p>\n\n\n\n<p>El segon dia va ser inaugurat pel conseller d\u2019Empresa i Treball de la Generalitat de Catalunya, Miquel S\u00e0mper; i la cloenda institucional va anar a c\u00e0rrec del tinent d\u2019alcaldia d\u2019Economia, Habitatge i Turisme de l\u2019Ajuntament de Barcelona, Jordi Valls; del secretari de telecomunicacions en nom del president de la Generalitat de Catalunya i del president del Parlament de Catalunya, Josep Rull.<\/p>\n\n\n\n<p>La Diada ha reunit, a m\u00e9s, diferents directors generals i vicepresidents de les principals companyies de telecomunicacions i de ciberseguretat del pa\u00eds, aix\u00ed com representants de l\u2019INCIBE, de l\u2019Ag\u00e8ncia Catalana de Ciberseguretat, del Centre de Telecomunicacions, de Localret i de m\u00e9s de 200 empreses del sector digital de Catalunya. Tamb\u00e9 hi han participat figures rellevants com Mateo Valero (director del Barcelona Supercomputing Center), Tob\u00edas Mart\u00ednez (exCEO de Cellnex i actual president de l\u2019Hospital Cl\u00ednic de Barcelona), Pedro Mier (ex director general d\u2019AMETIC i president de Nausika) o M\u00f2nica Sala, directora de xarxa de Masorange Espa\u00f1a, entre d\u2019altres.<\/p>\n\n\n\n<p>\u201cLa Diada&nbsp;GRAUSTIC&nbsp;2025 ha volgut posar veu a un debat que ja \u00e9s inajornable: com Europa pot recuperar la seva capacitat tecnol\u00f2gica i com Catalunya pot contribuir-hi des de la innovaci\u00f3 i el model&nbsp; social. La sobirania tecnol\u00f2gica no \u00e9s nom\u00e9s una q\u00fcesti\u00f3 d\u2019infraestructures o dades, sin\u00f3 tamb\u00e9 de valors, de model econ\u00f2mic i de visi\u00f3 de futur\u201d, ha afirmat Josep Ramon Ferrer, president de&nbsp;GRAUSTIC.<\/p>\n\n\n\n<h2 class=\"wp-block-heading\"><strong>Premis d\u2019Innovaci\u00f3 Digital de Catalunya 2025<\/strong><\/h2>\n\n\n\n<p>La Diada ha culminat amb el lliurament dels Premis d\u2019Innovaci\u00f3 Digital de Catalunya 2025, que reconeixen els projectes i iniciatives m\u00e9s destacades de l\u2019any en diversos \u00e0mbits. Els guardons, coorganitzats amb dotze entitats de refer\u00e8ncia, han estat lliurats durant la jornada de cloenda. Els premiats d\u2019aquesta edici\u00f3 han estat:<\/p>\n\n\n\n<ul class=\"wp-block-list\">\n<li>Premi a la Innovaci\u00f3 Digital en l\u2019\u00c0mbit Urb\u00e0 i de l\u2019Espai P\u00fablic coorganitzat amb Fundaci\u00f3 Bit Habitat \u2013 Ajuntament de Barcelona: <strong>Ajuntament de Sant Feliu de Llobregat<\/strong><\/li>\n<\/ul>\n\n\n\n<ul class=\"wp-block-list\">\n<li>Premi a la Gesti\u00f3 energ\u00e8tica eficient, la sostenibilitat i la descarbonitzaci\u00f3 a trav\u00e9s de les TIC coorganitzat amb Cl\u00faster de l\u2019Energia Eficient de Catalunya: <strong>KIMEDES<\/strong><\/li>\n<\/ul>\n\n\n\n<ul class=\"wp-block-list\">\n<li>Premi a la Innovaci\u00f3 digital en sectors no tecnol\u00f2gics coorganitzat amb Fira de Barcelona:<strong> Group Salt\u00f3<\/strong><\/li>\n<\/ul>\n\n\n\n<ul class=\"wp-block-list\">\n<li>Premi a la Integraci\u00f3 Social a trav\u00e9s de la Digitalitzaci\u00f3 coorganitzat amb Fundaci\u00f3 iSocial:<strong> Dinder Club<\/strong><\/li>\n<\/ul>\n\n\n\n<ul class=\"wp-block-list\">\n<li>Premi a projectes de l\u2019administraci\u00f3 local coorganitzat amb Localret:<strong> Ajuntament de Cunit<\/strong><\/li>\n<\/ul>\n\n\n\n<ul class=\"wp-block-list\">\n<li>Premi a la Innovaci\u00f3 a trav\u00e9s de les Tecnologies M\u00f2bils coorganitzat amb Mobile World Capital Barcelona: <strong>mjn-SERAS<\/strong><\/li>\n<\/ul>\n\n\n\n<ul class=\"wp-block-list\">\n<li>Premi a la Innovaci\u00f3 en Economia Blava basada en les TIC coorganitzat amb Fundaci\u00f3 BCN Port Innovation \u2013 Port de Barcelona: <strong>Jaime Paz Burgos<\/strong><\/li>\n<\/ul>\n\n\n\n<ul class=\"wp-block-list\">\n<li>Premi a les Dones TIC coorganitzat amb Secretaria de Pol\u00edtiques Digitals \u2013 Generalitat de Catalunya: <strong>Pat Gonz\u00e1lez <\/strong>Garc\u00eda<\/li>\n<\/ul>\n\n\n\n<ul class=\"wp-block-list\">\n<li>Premi a la Jove Emprenedoria Digital coorganitzat amb Tech Barcelona: <strong>Balance Phone<\/strong><\/li>\n<\/ul>\n\n\n\n<ul class=\"wp-block-list\">\n<li>Premi a la Innovaci\u00f3 en Salut coorganitzat amb Fundaci\u00f3 TIC Salut Social: <strong>Predictheon<\/strong><\/li>\n<\/ul>\n\n\n\n<ul class=\"wp-block-list\">\n<li>Premi a la Innovaci\u00f3 en Ind\u00fastria 4.0 coorganitzat amb Consorci de la Zona Franca de Barcelona: <strong>Beyond Reality AR<\/strong><\/li>\n<\/ul>\n\n\n\n<ul class=\"wp-block-list\">\n<li>Premi Estudiants Universitaris coorganitzat amb EDUTech Cluster: <strong>Daniel Camacho<\/strong><\/li>\n<\/ul>\n\n\n\n<h2 class=\"wp-block-heading\"><strong>Una trobada per a la col\u00b7laboraci\u00f3 i el coneixement compartit<\/strong><\/h2>\n\n\n\n<p>A m\u00e9s de les pon\u00e8ncies i debats, la Diada ha acollit un espai de trobada amb autors de llibres amb reflexions sobre l\u2019impacte de la tecnologia a la societat com Esteve Almirall, \u00c0urea Rodr\u00edguez i Andreu Ve\u00e0, aix\u00ed com la presentaci\u00f3 de projectes socials de tres entitats TIC, a c\u00e0rrec d\u2019Ivan Monforte, Manel Sanrom\u00e0 i Karina Gibert i, posteriorment, un dinar institucional amb patrocinadors i representants de les principals entitats del sector tecnol\u00f2gic.<\/p>\n\n\n\n<p>Amb aquesta nova edici\u00f3,&nbsp;GRAUSTIC&nbsp;reafirma el seu comprom\u00eds de fomentar una transformaci\u00f3 digital inclusiva, competitiva i arrelada al territori, capa\u00e7 de situar Catalunya com a actor clau dins l\u2019ecosistema europeu de la innovaci\u00f3 i consolida la diada de les tic com l\u2019autentica festa major de les TIC a Catalunya.<\/p>\n","protected":false},"excerpt":{"rendered":"<p>Sota el lema \u201cSobirania tecnol\u00f2gica. L\u2019hora d\u2019Europa, l\u2019oportunitat de Catalunya\u201d, la Diada ha reunit a m\u00e9s de 200 ponents i un miler de participants en dues jornades de reflexi\u00f3, debat [&hellip;]<\/p>\n","protected":false},"author":1,"featured_media":13144,"comment_status":"open","ping_status":"open","sticky":false,"template":"","format":"standard","meta":{"_acf_changed":false,"slim_seo":{"title":"Consens en el prop\u00f2sit de que Catalunya lideri la sobirania tecnol\u00f2gica i sigui un pol digital tractor a Europa - GRAUSTIC","description":"Sota el lema \u201cSobirania tecnol\u00f2gica. L\u2019hora d\u2019Europa, l\u2019oportunitat de Catalunya\u201d, la Diada ha reunit a m\u00e9s de 200 ponents i un miler de participants en dues jo"},"footnotes":""},"categories":[70],"tags":[],"class_list":["post-13143","post","type-post","status-publish","format-standard","has-post-thumbnail","hentry","category-noticies"],"acf":[],"_links":{"self":[{"href":"https:\/\/www.graustic.cat\/web\/wp-json\/wp\/v2\/posts\/13143","targetHints":{"allow":["GET"]}}],"collection":[{"href":"https:\/\/www.graustic.cat\/web\/wp-json\/wp\/v2\/posts"}],"about":[{"href":"https:\/\/www.graustic.cat\/web\/wp-json\/wp\/v2\/types\/post"}],"author":[{"embeddable":true,"href":"https:\/\/www.graustic.cat\/web\/wp-json\/wp\/v2\/users\/1"}],"replies":[{"embeddable":true,"href":"https:\/\/www.graustic.cat\/web\/wp-json\/wp\/v2\/comments?post=13143"}],"version-history":[{"count":3,"href":"https:\/\/www.graustic.cat\/web\/wp-json\/wp\/v2\/posts\/13143\/revisions"}],"predecessor-version":[{"id":13150,"href":"https:\/\/www.graustic.cat\/web\/wp-json\/wp\/v2\/posts\/13143\/revisions\/13150"}],"wp:featuredmedia":[{"embeddable":true,"href":"https:\/\/www.graustic.cat\/web\/wp-json\/wp\/v2\/media\/13144"}],"wp:attachment":[{"href":"https:\/\/www.graustic.cat\/web\/wp-json\/wp\/v2\/media?parent=13143"}],"wp:term":[{"taxonomy":"category","embeddable":true,"href":"https:\/\/www.graustic.cat\/web\/wp-json\/wp\/v2\/categories?post=13143"},{"taxonomy":"post_tag","embeddable":true,"href":"https:\/\/www.graustic.cat\/web\/wp-json\/wp\/v2\/tags?post=13143"}],"curies":[{"name":"wp","href":"https:\/\/api.w.org\/{rel}","templated":true}]}}